{"id":1157,"date":"2023-11-20T08:56:20","date_gmt":"2023-11-20T12:56:20","guid":{"rendered":"https:\/\/clinicaacostaortiz.com\/nueva\/?p=1157"},"modified":"2023-11-20T08:56:20","modified_gmt":"2023-11-20T12:56:20","slug":"la-espina-bifida-es-una-enfermedad-que-puede-prevenirse","status":"publish","type":"post","link":"https:\/\/clinicaacostaortiz.com\/nueva\/la-espina-bifida-es-una-enfermedad-que-puede-prevenirse\/","title":{"rendered":"La espina b\u00edfida es una enfermedad que puede prevenirse"},"content":{"rendered":"<style>.elementor-1157 .elementor-element.elementor-element-5c2db42{--e-image-carousel-slides-to-show:1;}.elementor-1157 .elementor-element.elementor-element-8425357{font-family:\"Frank Ruhl Libre\", Sans-serif;font-weight:500;}<\/style>\t\t<div data-elementor-type=\"wp-post\" data-elementor-id=\"1157\" class=\"elementor elementor-1157\" data-elementor-post-type=\"post\">\n\t\t\t\t\t\t<section class=\"elementor-section elementor-top-section elementor-element elementor-element-37f3948 elementor-section-boxed elementor-section-height-default elementor-section-height-default\" data-id=\"37f3948\" data-element_type=\"section\" data-e-type=\"section\">\n\t\t\t\t\t\t<div class=\"elementor-container elementor-column-gap-default\">\n\t\t\t\t\t<div class=\"elementor-column elementor-col-50 elementor-top-column elementor-element elementor-element-53c62a8\" data-id=\"53c62a8\" data-element_type=\"column\" data-e-type=\"column\">\n\t\t\t<div class=\"elementor-widget-wrap elementor-element-populated\">\n\t\t\t\t\t\t<div class=\"elementor-element elementor-element-5c2db42 elementor-arrows-position-inside elementor-widget elementor-widget-image-carousel\" data-id=\"5c2db42\" data-element_type=\"widget\" data-e-type=\"widget\" data-settings=\"{&quot;slides_to_show&quot;:&quot;1&quot;,&quot;navigation&quot;:&quot;arrows&quot;,&quot;autoplay&quot;:&quot;yes&quot;,&quot;pause_on_hover&quot;:&quot;yes&quot;,&quot;pause_on_interaction&quot;:&quot;yes&quot;,&quot;autoplay_speed&quot;:5000,&quot;infinite&quot;:&quot;yes&quot;,&quot;effect&quot;:&quot;slide&quot;,&quot;speed&quot;:500}\" data-widget_type=\"image-carousel.default\">\n\t\t\t\t\t\t\t<div class=\"elementor-image-carousel-wrapper swiper\" role=\"region\" aria-roledescription=\"carousel\" aria-label=\"Carrusel de im\u00e1genes\" dir=\"ltr\">\n\t\t\t<div class=\"elementor-image-carousel swiper-wrapper\" aria-live=\"off\">\n\t\t\t\t\t\t\t\t<div class=\"swiper-slide\" role=\"group\" aria-roledescription=\"slide\" aria-label=\"1 de 1\"><figure class=\"swiper-slide-inner\"><img decoding=\"async\" class=\"swiper-slide-image\" src=\"https:\/\/clinicaacostaortiz.com\/nueva\/wp-content\/uploads\/2023\/11\/espinabifida.jpg\" alt=\"espina b\u00edfida\" \/><\/figure><\/div>\t\t\t<\/div>\n\t\t\t\t\t<\/div>\n\t\t\t\t\t\t<\/div>\n\t\t\t\t\t<\/div>\n\t\t<\/div>\n\t\t\t\t<div class=\"elementor-column elementor-col-50 elementor-top-column elementor-element elementor-element-fb0465c\" data-id=\"fb0465c\" data-element_type=\"column\" data-e-type=\"column\">\n\t\t\t<div class=\"elementor-widget-wrap elementor-element-populated\">\n\t\t\t\t\t\t<div class=\"elementor-element elementor-element-8425357 elementor-widget elementor-widget-text-editor\" data-id=\"8425357\" data-element_type=\"widget\" data-e-type=\"widget\" data-widget_type=\"text-editor.default\">\n\t\t\t\t\t\t\t\t\t<p align=\"justify\"><span style=\"font-family: Calibri, sans-serif;\"><span style=\"font-size: medium;\">La espina b\u00edfida es una afecci\u00f3n de la columna vertebral que aparece en el beb\u00e9 desde su crecimiento uterino y puede ser detectado desde el \u00fatero hasta el nacimiento. La columna vertebral que protege la m\u00e9dula espinal no se cierra por completo <\/span><\/span><\/p><p align=\"justify\"><span style=\"font-family: Calibri, sans-serif;\"><span style=\"font-size: medium;\">Esta afecci\u00f3n trae como consecuencias algunas discapacidades f\u00edsicas e intelectuales que var\u00eda de acuerdo al tipo de da\u00f1o.<\/span><\/span><\/p><p align=\"justify\"><span style=\"font-family: Calibri, sans-serif;\"><span style=\"font-size: medium;\">Se diagnostica a trav\u00e9s de ecograf\u00edas o pruebas prenatales como la amniocentesis.<\/span><\/span><\/p><p align=\"justify\"><span style=\"font-family: Calibri, sans-serif;\"><span style=\"font-size: medium;\">Hasta la fecha no hay estudios cient\u00edficos certeros sobre la causa de la espina b\u00edfida, pero hay algunos factores que pueden ayudar a provenirla, como la ingesta diaria de 400 microgramos \u00e1cido f\u00f3lico durante el embarazo y un control m\u00e9dico continuo durante todo el proceso de gestaci\u00f3n.<\/span><\/span><\/p><p align=\"justify\"><span style=\"font-family: Calibri, sans-serif;\"><span style=\"font-size: medium;\">Un ginecobstetra podr\u00e1 hacer seguimiento al embarazo y detectar a tiempo alguna afecci\u00f3n del beb\u00e9.<\/span><\/span><\/p>\t\t\t\t\t\t\t\t<\/div>\n\t\t\t\t\t<\/div>\n\t\t<\/div>\n\t\t\t\t\t<\/div>\n\t\t<\/section>\n\t\t\t\t<\/div>\n\t\t","protected":false},"excerpt":{"rendered":"<p>La espina b\u00edfida es una afecci\u00f3n de la columna vertebral que aparece en el beb\u00e9 desde su crecimiento uterino y [&hellip;]<\/p>\n","protected":false},"author":2,"featured_media":1158,"comment_status":"closed","ping_status":"closed","sticky":false,"template":"","format":"standard","meta":{"site-sidebar-layout":"default","site-content-layout":"","ast-site-content-layout":"default","site-content-style":"default","site-sidebar-style":"default","ast-global-header-display":"","ast-banner-title-visibility":"","ast-main-header-display":"","ast-hfb-above-header-display":"","ast-hfb-below-header-display":"","ast-hfb-mobile-header-display":"","site-post-title":"","ast-breadcrumbs-content":"","ast-featured-img":"","footer-sml-layout":"","ast-disable-related-posts":"","theme-transparent-header-meta":"","adv-header-id-meta":"","stick-header-meta":"","header-above-stick-meta":"","header-main-stick-meta":"","header-below-stick-meta":"","astra-migrate-meta-layouts":"default","ast-page-background-enabled":"default","ast-page-background-meta":{"desktop":{"background-color":"var(--ast-global-color-5)","background-image":"","background-repeat":"repeat","background-position":"center center","background-size":"auto","background-attachment":"scroll","background-type":"","background-media":"","overlay-type":"","overlay-color":"","overlay-opacity":"","overlay-gradient":""},"tablet":{"background-color":"","background-image":"","background-repeat":"repeat","background-position":"center center","background-size":"auto","background-attachment":"scroll","background-type":"","background-media":"","overlay-type":"","overlay-color":"","overlay-opacity":"","overlay-gradient":""},"mobile":{"background-color":"","background-image":"","background-repeat":"repeat","background-position":"center center","background-size":"auto","background-attachment":"scroll","background-type":"","background-media":"","overlay-type":"","overlay-color":"","overlay-opacity":"","overlay-gradient":""}},"ast-content-background-meta":{"desktop":{"background-color":"var(--ast-global-color-4)","background-image":"","background-repeat":"repeat","background-position":"center center","background-size":"auto","background-attachment":"scroll","background-type":"","background-media":"","overlay-type":"","overlay-color":"","overlay-opacity":"","overlay-gradient":""},"tablet":{"background-color":"var(--ast-global-color-4)","background-image":"","background-repeat":"repeat","background-position":"center center","background-size":"auto","background-attachment":"scroll","background-type":"","background-media":"","overlay-type":"","overlay-color":"","overlay-opacity":"","overlay-gradient":""},"mobile":{"background-color":"var(--ast-global-color-4)","background-image":"","background-repeat":"repeat","background-position":"center center","background-size":"auto","background-attachment":"scroll","background-type":"","background-media":"","overlay-type":"","overlay-color":"","overlay-opacity":"","overlay-gradient":""}},"footnotes":""},"categories":[10],"tags":[],"class_list":["post-1157","post","type-post","status-publish","format-standard","has-post-thumbnail","hentry","category-noticias"],"_links":{"self":[{"href":"https:\/\/clinicaacostaortiz.com\/nueva\/wp-json\/wp\/v2\/posts\/1157","targetHints":{"allow":["GET"]}}],"collection":[{"href":"https:\/\/clinicaacostaortiz.com\/nueva\/wp-json\/wp\/v2\/posts"}],"about":[{"href":"https:\/\/clinicaacostaortiz.com\/nueva\/wp-json\/wp\/v2\/types\/post"}],"author":[{"embeddable":true,"href":"https:\/\/clinicaacostaortiz.com\/nueva\/wp-json\/wp\/v2\/users\/2"}],"replies":[{"embeddable":true,"href":"https:\/\/clinicaacostaortiz.com\/nueva\/wp-json\/wp\/v2\/comments?post=1157"}],"version-history":[{"count":0,"href":"https:\/\/clinicaacostaortiz.com\/nueva\/wp-json\/wp\/v2\/posts\/1157\/revisions"}],"wp:featuredmedia":[{"embeddable":true,"href":"https:\/\/clinicaacostaortiz.com\/nueva\/wp-json\/wp\/v2\/media\/1158"}],"wp:attachment":[{"href":"https:\/\/clinicaacostaortiz.com\/nueva\/wp-json\/wp\/v2\/media?parent=1157"}],"wp:term":[{"taxonomy":"category","embeddable":true,"href":"https:\/\/clinicaacostaortiz.com\/nueva\/wp-json\/wp\/v2\/categories?post=1157"},{"taxonomy":"post_tag","embeddable":true,"href":"https:\/\/clinicaacostaortiz.com\/nueva\/wp-json\/wp\/v2\/tags?post=1157"}],"curies":[{"name":"wp","href":"https:\/\/api.w.org\/{rel}","templated":true}]}}